{"id":3698,"date":"2026-03-30T12:59:50","date_gmt":"2026-03-30T10:59:50","guid":{"rendered":"https:\/\/dvo.wearesim.dev\/workspace-paris-2026-il-nostro-racconto\/"},"modified":"2026-04-02T15:40:35","modified_gmt":"2026-04-02T13:40:35","slug":"workspace-paris-2026-il-nostro-racconto","status":"publish","type":"post","link":"https:\/\/dvo2026.dvo.it\/es\/workspace-paris-2026-il-nostro-racconto\/","title":{"rendered":"Workspace Paris 2026: Nuestro relato"},"content":{"rendered":"<p><span data-sheets-root=\"1\">La edici\u00f3n 2026 de Workspace Paris, el sal\u00f3n europeo de referencia para el dise\u00f1o de espacios de oficina y workplace, acaba de concluir, y estamos encantados de haber participado una vez m\u00e1s en este importante evento.<\/p>\n<p>Nuestro stand, envuelto en relajantes tonos de azul y celeste, se convirti\u00f3 en un espacio de encuentro e inspiraci\u00f3n, donde los visitantes pudieron sumergirse en una atm\u00f3sfera acogedora y descubrir nuestras \u00faltimas novedades.<\/p>\n<p>Protagonistas del espacio fueron nuestras nuevas colecciones, fruto de un enfoque proyectual continuo orientado al desarrollo de soluciones cada vez m\u00e1s innovadoras.<br \/>\nLa colecci\u00f3n Silhouette, nacida de la colaboraci\u00f3n con el dise\u00f1ador Robin Rizzini, encarna perfectamente nuestro compromiso con un dise\u00f1o vers\u00e1til, refinado y atento a las necesidades contempor\u00e1neas. Compuesta por mesas y aparadores, defini\u00f3 el stand con una est\u00e9tica ligera y precisa, pensada para aportar una elegancia esencial al entorno de trabajo.<\/p>\n<p>Workspace Paris 2026 fue una valiosa oportunidad para compartir nuestras novedades y recoger nuevas inspiraciones\u2014una experiencia que confirma nuestro compromiso constante con dar forma a los espacios de trabajo y m\u00e1s all\u00e1.<\/p>\n<p>Gracias a todos los que compartieron este momento con nosotros.<\/span><\/p>\n","protected":false},"excerpt":{"rendered":"<p>La edici\u00f3n 2026 de Workspace Paris, el sal\u00f3n europeo de referencia para el dise\u00f1o de espacios de oficina y workplace, acaba de concluir, y estamos encantados de haber participado una vez m\u00e1s en este importante evento. Nuestro stand, envuelto en relajantes tonos de azul y celeste, se convirti\u00f3 en un espacio de encuentro e inspiraci\u00f3n, [&hellip;]<\/p>\n","protected":false},"author":1,"featured_media":3700,"comment_status":"open","ping_status":"open","sticky":false,"template":"","format":"standard","meta":{"_acf_changed":false,"footnotes":""},"categories":[190,189],"tags":[],"class_list":["post-3698","post","type-post","status-publish","format-standard","has-post-thumbnail","hentry","category-eventos","category-empresa"],"acf":[],"_links":{"self":[{"href":"https:\/\/dvo2026.dvo.it\/es\/wp-json\/wp\/v2\/posts\/3698","targetHints":{"allow":["GET"]}}],"collection":[{"href":"https:\/\/dvo2026.dvo.it\/es\/wp-json\/wp\/v2\/posts"}],"about":[{"href":"https:\/\/dvo2026.dvo.it\/es\/wp-json\/wp\/v2\/types\/post"}],"author":[{"embeddable":true,"href":"https:\/\/dvo2026.dvo.it\/es\/wp-json\/wp\/v2\/users\/1"}],"replies":[{"embeddable":true,"href":"https:\/\/dvo2026.dvo.it\/es\/wp-json\/wp\/v2\/comments?post=3698"}],"version-history":[{"count":1,"href":"https:\/\/dvo2026.dvo.it\/es\/wp-json\/wp\/v2\/posts\/3698\/revisions"}],"predecessor-version":[{"id":3733,"href":"https:\/\/dvo2026.dvo.it\/es\/wp-json\/wp\/v2\/posts\/3698\/revisions\/3733"}],"wp:featuredmedia":[{"embeddable":true,"href":"https:\/\/dvo2026.dvo.it\/es\/wp-json\/wp\/v2\/media\/3700"}],"wp:attachment":[{"href":"https:\/\/dvo2026.dvo.it\/es\/wp-json\/wp\/v2\/media?parent=3698"}],"wp:term":[{"taxonomy":"category","embeddable":true,"href":"https:\/\/dvo2026.dvo.it\/es\/wp-json\/wp\/v2\/categories?post=3698"},{"taxonomy":"post_tag","embeddable":true,"href":"https:\/\/dvo2026.dvo.it\/es\/wp-json\/wp\/v2\/tags?post=3698"}],"curies":[{"name":"wp","href":"https:\/\/api.w.org\/{rel}","templated":true}]}}