{"id":3759,"date":"2026-03-16T14:16:49","date_gmt":"2026-03-16T13:16:49","guid":{"rendered":"https:\/\/dvo.wearesim.dev\/milan-design-week-2026-save-the-date\/"},"modified":"2026-04-02T15:42:05","modified_gmt":"2026-04-02T13:42:05","slug":"milan-design-week-2026-save-the-date","status":"publish","type":"post","link":"https:\/\/dvo2026.dvo.it\/es\/milan-design-week-2026-save-the-date\/","title":{"rendered":"Milan Design Week 2026 \u2013 Save the date"},"content":{"rendered":"<p><span data-sheets-root=\"1\">Nuestro Flagship de Mil\u00e1n se prepara para abrir sus puertas con motivo de la Milan Design Week 2026 con una imagen completamente renovada.<br \/>\nUn nuevo montaje pensado para destacar las \u00faltimas novedades de producto nacidas de las colaboraciones m\u00e1s recientes con dise\u00f1adores de renombre, y para ofrecer una visi\u00f3n actualizada de nuestro enfoque proyectual para el mundo de la oficina y m\u00e1s all\u00e1.<\/p>\n<p>Durante el Fuorisalone, el Flagship ser\u00e1 el lugar ideal para descubrir estas novedades y explorar juntos nuevos escenarios de dise\u00f1o, concebidos para interpretar los espacios contempor\u00e1neos con identidad e innovaci\u00f3n.<\/p>\n<p>\u00a1Os esperamos!<\/p>\n<p>SAVE THE DATE<br \/>\nDvo_ Sitland Flagship<br \/>\nVia Maroncelli 5, Mil\u00e1n<br \/>\n20\u201326 de abril de 2026, 10:00 \u2013 20:00<\/span><\/p>\n","protected":false},"excerpt":{"rendered":"<p>Nuestro Flagship de Mil\u00e1n se prepara para abrir sus puertas con motivo de la Milan Design Week 2026 con una imagen completamente renovada. Un nuevo montaje pensado para destacar las \u00faltimas novedades de producto nacidas de las colaboraciones m\u00e1s recientes con dise\u00f1adores de renombre, y para ofrecer una visi\u00f3n actualizada de nuestro enfoque proyectual para [&hellip;]<\/p>\n","protected":false},"author":1,"featured_media":3760,"comment_status":"open","ping_status":"open","sticky":false,"template":"","format":"standard","meta":{"_acf_changed":false,"footnotes":""},"categories":[190,189],"tags":[],"class_list":["post-3759","post","type-post","status-publish","format-standard","has-post-thumbnail","hentry","category-eventos","category-empresa"],"acf":[],"_links":{"self":[{"href":"https:\/\/dvo2026.dvo.it\/es\/wp-json\/wp\/v2\/posts\/3759","targetHints":{"allow":["GET"]}}],"collection":[{"href":"https:\/\/dvo2026.dvo.it\/es\/wp-json\/wp\/v2\/posts"}],"about":[{"href":"https:\/\/dvo2026.dvo.it\/es\/wp-json\/wp\/v2\/types\/post"}],"author":[{"embeddable":true,"href":"https:\/\/dvo2026.dvo.it\/es\/wp-json\/wp\/v2\/users\/1"}],"replies":[{"embeddable":true,"href":"https:\/\/dvo2026.dvo.it\/es\/wp-json\/wp\/v2\/comments?post=3759"}],"version-history":[{"count":1,"href":"https:\/\/dvo2026.dvo.it\/es\/wp-json\/wp\/v2\/posts\/3759\/revisions"}],"predecessor-version":[{"id":3772,"href":"https:\/\/dvo2026.dvo.it\/es\/wp-json\/wp\/v2\/posts\/3759\/revisions\/3772"}],"wp:featuredmedia":[{"embeddable":true,"href":"https:\/\/dvo2026.dvo.it\/es\/wp-json\/wp\/v2\/media\/3760"}],"wp:attachment":[{"href":"https:\/\/dvo2026.dvo.it\/es\/wp-json\/wp\/v2\/media?parent=3759"}],"wp:term":[{"taxonomy":"category","embeddable":true,"href":"https:\/\/dvo2026.dvo.it\/es\/wp-json\/wp\/v2\/categories?post=3759"},{"taxonomy":"post_tag","embeddable":true,"href":"https:\/\/dvo2026.dvo.it\/es\/wp-json\/wp\/v2\/tags?post=3759"}],"curies":[{"name":"wp","href":"https:\/\/api.w.org\/{rel}","templated":true}]}}