{"id":3773,"date":"2026-02-10T14:21:10","date_gmt":"2026-02-10T13:21:10","guid":{"rendered":"https:\/\/dvo.wearesim.dev\/il-flagship-dvo-di-milano-tra-arte-natura-e-design\/"},"modified":"2026-04-02T15:42:50","modified_gmt":"2026-04-02T13:42:50","slug":"il-flagship-dvo-di-milano-tra-arte-natura-e-design","status":"publish","type":"post","link":"https:\/\/dvo2026.dvo.it\/es\/il-flagship-dvo-di-milano-tra-arte-natura-e-design\/","title":{"rendered":"El flagship DVO de Mil\u00e1n entre arte, naturaleza y dise\u00f1o"},"content":{"rendered":"<p><span data-sheets-root=\"1\">DVO ha abierto las puertas de su espacio expositivo en Mil\u00e1n para acoger la exposici\u00f3n Animarborea. Un di\u00e1logo entre arte, naturaleza y espacio de Mita Bolzoni, comisariada por Eleonora Frigerio.<\/p>\n<p>Las acuarelas de la artista dialogan con las formas y los colores del mobiliario del showroom, dando lugar a un relato visual que habla de armon\u00eda y de una profunda relaci\u00f3n con el entorno natural. El proyecto explora la relaci\u00f3n entre el ser humano y la naturaleza a trav\u00e9s de im\u00e1genes vivas y cambiantes, inspiradas en los ritmos silenciosos del mundo natural, en un recorrido po\u00e9tico y contemplativo entre agua, color, interconexi\u00f3n y memoria vegetal.<\/p>\n<p>La velada inaugural del 5 de febrero se configur\u00f3 como un aut\u00e9ntico happening, con la performance po\u00e9tico-musical de Mita Bolzoni junto al ensemble Radici Sonore como protagonista. Voces, colores y sonidos dieron vida a un paisaje sensorial inmersivo, haciendo que todo el espacio expositivo cobrara vida con intensidad y dinamismo.<\/p>\n<p>La exposici\u00f3n, abierta del 6 al 22 de febrero, forma parte de las iniciativas del Maroncelli District dedicadas a los XXV Juegos Ol\u00edmpicos de Invierno Milano Cortina 2026, involucrando a diversas galer\u00edas, espacios expositivos y comercios del barrio.<\/p>\n<p>El espacio expositivo de DVO y Sitland est\u00e1 concebido como un hub din\u00e1mico con vocaci\u00f3n cultural, capaz de configurarse como un punto de encuentro entre arte y dise\u00f1o, y de acoger charlas, presentaciones y momentos de intercambio.<\/span><\/p>\n","protected":false},"excerpt":{"rendered":"<p>DVO ha abierto las puertas de su espacio expositivo en Mil\u00e1n para acoger la exposici\u00f3n Animarborea. Un di\u00e1logo entre arte, naturaleza y espacio de Mita Bolzoni, comisariada por Eleonora Frigerio. Las acuarelas de la artista dialogan con las formas y los colores del mobiliario del showroom, dando lugar a un relato visual que habla de [&hellip;]<\/p>\n","protected":false},"author":1,"featured_media":3775,"comment_status":"open","ping_status":"open","sticky":false,"template":"","format":"standard","meta":{"_acf_changed":false,"footnotes":""},"categories":[190,189],"tags":[],"class_list":["post-3773","post","type-post","status-publish","format-standard","has-post-thumbnail","hentry","category-eventos","category-empresa"],"acf":[],"_links":{"self":[{"href":"https:\/\/dvo2026.dvo.it\/es\/wp-json\/wp\/v2\/posts\/3773","targetHints":{"allow":["GET"]}}],"collection":[{"href":"https:\/\/dvo2026.dvo.it\/es\/wp-json\/wp\/v2\/posts"}],"about":[{"href":"https:\/\/dvo2026.dvo.it\/es\/wp-json\/wp\/v2\/types\/post"}],"author":[{"embeddable":true,"href":"https:\/\/dvo2026.dvo.it\/es\/wp-json\/wp\/v2\/users\/1"}],"replies":[{"embeddable":true,"href":"https:\/\/dvo2026.dvo.it\/es\/wp-json\/wp\/v2\/comments?post=3773"}],"version-history":[{"count":1,"href":"https:\/\/dvo2026.dvo.it\/es\/wp-json\/wp\/v2\/posts\/3773\/revisions"}],"predecessor-version":[{"id":3783,"href":"https:\/\/dvo2026.dvo.it\/es\/wp-json\/wp\/v2\/posts\/3773\/revisions\/3783"}],"wp:featuredmedia":[{"embeddable":true,"href":"https:\/\/dvo2026.dvo.it\/es\/wp-json\/wp\/v2\/media\/3775"}],"wp:attachment":[{"href":"https:\/\/dvo2026.dvo.it\/es\/wp-json\/wp\/v2\/media?parent=3773"}],"wp:term":[{"taxonomy":"category","embeddable":true,"href":"https:\/\/dvo2026.dvo.it\/es\/wp-json\/wp\/v2\/categories?post=3773"},{"taxonomy":"post_tag","embeddable":true,"href":"https:\/\/dvo2026.dvo.it\/es\/wp-json\/wp\/v2\/tags?post=3773"}],"curies":[{"name":"wp","href":"https:\/\/api.w.org\/{rel}","templated":true}]}}