{"id":3843,"date":"2025-04-14T14:38:12","date_gmt":"2025-04-14T12:38:12","guid":{"rendered":"https:\/\/dvo.wearesim.dev\/mdw-2025-con-everyones-pace\/"},"modified":"2026-04-02T15:50:11","modified_gmt":"2026-04-02T13:50:11","slug":"mdw-2025-con-everyones-pace","status":"publish","type":"post","link":"https:\/\/dvo2026.dvo.it\/es\/mdw-2025-con-everyones-pace\/","title":{"rendered":"MDW 2025 con Everyone\u2019s Pace"},"content":{"rendered":"<p><span data-sheets-root=\"1\">La 64\u00aa edici\u00f3n de la Milano Design Week ha llegado a su fin, animando las calles de la ciudad del 8 al 13 de abril. En esta ocasi\u00f3n, nuestro flagship de Via Maroncelli 5 abri\u00f3 sus puertas al p\u00fablico, revelando por primera vez su nueva identidad a trav\u00e9s de la instalaci\u00f3n Everyone\u2019s Pace.<\/p>\n<p>El proyecto, comisariado por el arquitecto Aldo Parisotto del estudio Parisotto + Formenton Architetti, transform\u00f3 el showroom en un hub din\u00e1mico, un punto de encuentro entre la ciudad y las personas.<\/p>\n<p>La instalaci\u00f3n se desarrolla como un recorrido a trav\u00e9s de tres espacios distintos pero interconectados, donde el color se convierte en el hilo conductor de una experiencia inmersiva. El recorrido comienza con la Informal Gallery, un espacio caracterizado por un monocromo azul que evoca apertura, profundidad y ligereza hacia el exterior. Esta primera \u00e1rea, abierta a la ciudad, se concibe como una galer\u00eda, con elementos que favorecen ergonom\u00edas informales y promueven la espera, la conversaci\u00f3n y la interacci\u00f3n. Desde aqu\u00ed se accede a la Brainstorming Room, dominada por un rojo vibrante, s\u00edmbolo de energ\u00eda y comunicaci\u00f3n. Este espacio alberga mesas de reuni\u00f3n y est\u00e1 dise\u00f1ado para estimular el intercambio creativo. Por \u00faltimo, el recorrido conduce a la Comfort Lounge, envuelta en c\u00e1lidos tonos de amarillo ocre y verde, s\u00edmbolos de pausa, calidez y reflexi\u00f3n. Aqu\u00ed, los visitantes pueden disfrutar de un momento de relax o networking en un entorno pensado para favorecer el bienestar.<\/p>\n<p>Everyone\u2019s Pace invita a explorar el trabajo seg\u00fan el propio ritmo, a trav\u00e9s de dise\u00f1os innovadores, elementos funcionales y nuevas formas de interacci\u00f3n. Durante la Milano Design Week, los visitantes pudieron descubrir c\u00f3mo este proyecto redefine el concepto de espacio de trabajo, transform\u00e1ndolo en un entorno fluido, adaptable y en sinton\u00eda con las personas que lo habitan cada d\u00eda.<\/p>\n<p>Descubre la galer\u00eda para conocer la instalaci\u00f3n y los eventos que marcaron nuestra Milano Design Week.<\/span><\/p>\n","protected":false},"excerpt":{"rendered":"<p>La 64\u00aa edici\u00f3n de la Milano Design Week ha llegado a su fin, animando las calles de la ciudad del 8 al 13 de abril. En esta ocasi\u00f3n, nuestro flagship de Via Maroncelli 5 abri\u00f3 sus puertas al p\u00fablico, revelando por primera vez su nueva identidad a trav\u00e9s de la instalaci\u00f3n Everyone\u2019s Pace. El proyecto, [&hellip;]<\/p>\n","protected":false},"author":1,"featured_media":3845,"comment_status":"open","ping_status":"open","sticky":false,"template":"","format":"standard","meta":{"_acf_changed":false,"footnotes":""},"categories":[189,190,198],"tags":[],"class_list":["post-3843","post","type-post","status-publish","format-standard","has-post-thumbnail","hentry","category-empresa","category-eventos","category-productos"],"acf":[],"_links":{"self":[{"href":"https:\/\/dvo2026.dvo.it\/es\/wp-json\/wp\/v2\/posts\/3843","targetHints":{"allow":["GET"]}}],"collection":[{"href":"https:\/\/dvo2026.dvo.it\/es\/wp-json\/wp\/v2\/posts"}],"about":[{"href":"https:\/\/dvo2026.dvo.it\/es\/wp-json\/wp\/v2\/types\/post"}],"author":[{"embeddable":true,"href":"https:\/\/dvo2026.dvo.it\/es\/wp-json\/wp\/v2\/users\/1"}],"replies":[{"embeddable":true,"href":"https:\/\/dvo2026.dvo.it\/es\/wp-json\/wp\/v2\/comments?post=3843"}],"version-history":[{"count":1,"href":"https:\/\/dvo2026.dvo.it\/es\/wp-json\/wp\/v2\/posts\/3843\/revisions"}],"predecessor-version":[{"id":3865,"href":"https:\/\/dvo2026.dvo.it\/es\/wp-json\/wp\/v2\/posts\/3843\/revisions\/3865"}],"wp:featuredmedia":[{"embeddable":true,"href":"https:\/\/dvo2026.dvo.it\/es\/wp-json\/wp\/v2\/media\/3845"}],"wp:attachment":[{"href":"https:\/\/dvo2026.dvo.it\/es\/wp-json\/wp\/v2\/media?parent=3843"}],"wp:term":[{"taxonomy":"category","embeddable":true,"href":"https:\/\/dvo2026.dvo.it\/es\/wp-json\/wp\/v2\/categories?post=3843"},{"taxonomy":"post_tag","embeddable":true,"href":"https:\/\/dvo2026.dvo.it\/es\/wp-json\/wp\/v2\/tags?post=3843"}],"curies":[{"name":"wp","href":"https:\/\/api.w.org\/{rel}","templated":true}]}}