{"id":3866,"date":"2025-03-27T14:43:57","date_gmt":"2025-03-27T13:43:57","guid":{"rendered":"https:\/\/dvo.wearesim.dev\/workspace-expo-parigi-2025-il-nostro-racconto\/"},"modified":"2026-04-02T15:50:58","modified_gmt":"2026-04-02T13:50:58","slug":"workspace-expo-parigi-2025-il-nostro-racconto","status":"publish","type":"post","link":"https:\/\/dvo2026.dvo.it\/es\/workspace-expo-parigi-2025-il-nostro-racconto\/","title":{"rendered":"Workspace Expo Par\u00eds 2025: Nuestro relato"},"content":{"rendered":"<p><span data-sheets-root=\"1\">Hoy ha finalizado Workspace Expo 2025 en Par\u00eds, un evento que en solo diez a\u00f1os se ha convertido en un referente internacional para el dise\u00f1o, el mobiliario de oficina y la planificaci\u00f3n de espacios de trabajo.<\/p>\n<p>Durante estos tres intensos d\u00edas, nuestro stand ha recibido a miles de visitantes, ofreci\u00e9ndoles la oportunidad de descubrir de cerca nuestros productos.<\/p>\n<p>Ha sido una ocasi\u00f3n \u00fanica de intercambio que ha confirmado la direcci\u00f3n que estamos siguiendo, inspir\u00e1ndonos a mejorar continuamente y a explorar nuevas fronteras en el dise\u00f1o de espacios de trabajo.<\/p>\n<p>Durante el evento, presentamos nuestra colecci\u00f3n Knot, con mesas y librer\u00edas caracterizadas por su ic\u00f3nico nudo, y Sling, una familia transversal de mesas redondas disponibles en diferentes alturas.<\/p>\n<p>Adem\u00e1s, el stand\u2014compartido con Sitland\u2014tambi\u00e9n acogi\u00f3 algunos de sus productos m\u00e1s ic\u00f3nicos, creando as\u00ed una experiencia completa y estimulante para todos los visitantes.<\/span><\/p>\n","protected":false},"excerpt":{"rendered":"<p>Hoy ha finalizado Workspace Expo 2025 en Par\u00eds, un evento que en solo diez a\u00f1os se ha convertido en un referente internacional para el dise\u00f1o, el mobiliario de oficina y la planificaci\u00f3n de espacios de trabajo. Durante estos tres intensos d\u00edas, nuestro stand ha recibido a miles de visitantes, ofreci\u00e9ndoles la oportunidad de descubrir de [&hellip;]<\/p>\n","protected":false},"author":1,"featured_media":3868,"comment_status":"open","ping_status":"open","sticky":false,"template":"","format":"standard","meta":{"_acf_changed":false,"footnotes":""},"categories":[198,190,189],"tags":[],"class_list":["post-3866","post","type-post","status-publish","format-standard","has-post-thumbnail","hentry","category-productos","category-eventos","category-empresa"],"acf":[],"_links":{"self":[{"href":"https:\/\/dvo2026.dvo.it\/es\/wp-json\/wp\/v2\/posts\/3866","targetHints":{"allow":["GET"]}}],"collection":[{"href":"https:\/\/dvo2026.dvo.it\/es\/wp-json\/wp\/v2\/posts"}],"about":[{"href":"https:\/\/dvo2026.dvo.it\/es\/wp-json\/wp\/v2\/types\/post"}],"author":[{"embeddable":true,"href":"https:\/\/dvo2026.dvo.it\/es\/wp-json\/wp\/v2\/users\/1"}],"replies":[{"embeddable":true,"href":"https:\/\/dvo2026.dvo.it\/es\/wp-json\/wp\/v2\/comments?post=3866"}],"version-history":[{"count":1,"href":"https:\/\/dvo2026.dvo.it\/es\/wp-json\/wp\/v2\/posts\/3866\/revisions"}],"predecessor-version":[{"id":3873,"href":"https:\/\/dvo2026.dvo.it\/es\/wp-json\/wp\/v2\/posts\/3866\/revisions\/3873"}],"wp:featuredmedia":[{"embeddable":true,"href":"https:\/\/dvo2026.dvo.it\/es\/wp-json\/wp\/v2\/media\/3868"}],"wp:attachment":[{"href":"https:\/\/dvo2026.dvo.it\/es\/wp-json\/wp\/v2\/media?parent=3866"}],"wp:term":[{"taxonomy":"category","embeddable":true,"href":"https:\/\/dvo2026.dvo.it\/es\/wp-json\/wp\/v2\/categories?post=3866"},{"taxonomy":"post_tag","embeddable":true,"href":"https:\/\/dvo2026.dvo.it\/es\/wp-json\/wp\/v2\/tags?post=3866"}],"curies":[{"name":"wp","href":"https:\/\/api.w.org\/{rel}","templated":true}]}}