{"id":3192,"date":"2026-02-10T14:21:10","date_gmt":"2026-02-10T13:21:10","guid":{"rendered":"https:\/\/dvo.wearesim.dev\/il-flagship-dvo-di-milano-tra-arte-natura-e-design\/"},"modified":"2026-04-02T15:02:16","modified_gmt":"2026-04-02T13:02:16","slug":"il-flagship-dvo-di-milano-tra-arte-natura-e-design","status":"publish","type":"post","link":"https:\/\/dvo2026.dvo.it\/fr\/il-flagship-dvo-di-milano-tra-arte-natura-e-design\/","title":{"rendered":"Le flagship DVO de Milan entre art, nature et design"},"content":{"rendered":"<p><span data-sheets-root=\"1\">DVO a ouvert les portes de son espace d\u2019exposition \u00e0 Milan pour accueillir l\u2019exposition Animarborea. Un dialogue entre art, nature et espace de Mita Bolzoni, sous la direction d\u2019Eleonora Frigerio.<\/p>\n<p>Les aquarelles de l\u2019artiste dialoguent avec les formes et les couleurs du mobilier du showroom, dans un r\u00e9cit visuel qui \u00e9voque l\u2019harmonie et une relation profonde avec l\u2019environnement naturel. Le projet explore le lien entre l\u2019homme et la nature \u00e0 travers des images vivantes et en constante \u00e9volution, inspir\u00e9es par les rythmes silencieux du monde naturel, dans un parcours po\u00e9tique et contemplatif entre eau, couleur, interconnexion et m\u00e9moire v\u00e9g\u00e9tale.<\/p>\n<p>La soir\u00e9e d\u2019inauguration du 5 f\u00e9vrier s\u2019est pr\u00e9sent\u00e9e comme un v\u00e9ritable happening, avec au centre la performance po\u00e9tico-musicale de Mita Bolzoni accompagn\u00e9e par l\u2019ensemble Radici Sonore. Voix, couleurs et sons ont donn\u00e9 naissance \u00e0 un paysage sensoriel immersif, rendant l\u2019ensemble de l\u2019espace d\u2019exposition vivant et vibrant.<\/p>\n<p>L\u2019exposition, ouverte du 6 au 22 f\u00e9vrier, s\u2019inscrit dans les initiatives du Maroncelli District d\u00e9di\u00e9es aux XXVe Jeux Olympiques d\u2019Hiver Milano Cortina 2026, impliquant plusieurs galeries, espaces d\u2019exposition et commerces du quartier.<\/p>\n<p>L\u2019espace d\u2019exposition de DVO et Sitland est con\u00e7u comme un hub dynamique \u00e0 vocation culturelle, capable de devenir un lieu de rencontre entre art et design, accueillant des conf\u00e9rences, des pr\u00e9sentations et des moments d\u2019\u00e9change.<\/span><\/p>\n","protected":false},"excerpt":{"rendered":"<p>DVO a ouvert les portes de son espace d\u2019exposition \u00e0 Milan pour accueillir l\u2019exposition Animarborea. Un dialogue entre art, nature et espace de Mita Bolzoni, sous la direction d\u2019Eleonora Frigerio. Les aquarelles de l\u2019artiste dialoguent avec les formes et les couleurs du mobilier du showroom, dans un r\u00e9cit visuel qui \u00e9voque l\u2019harmonie et une relation [&hellip;]<\/p>\n","protected":false},"author":1,"featured_media":3194,"comment_status":"open","ping_status":"open","sticky":false,"template":"","format":"standard","meta":{"_acf_changed":false,"footnotes":""},"categories":[191,188],"tags":[],"class_list":["post-3192","post","type-post","status-publish","format-standard","has-post-thumbnail","hentry","category-evenements","category-entreprise"],"acf":[],"_links":{"self":[{"href":"https:\/\/dvo2026.dvo.it\/fr\/wp-json\/wp\/v2\/posts\/3192","targetHints":{"allow":["GET"]}}],"collection":[{"href":"https:\/\/dvo2026.dvo.it\/fr\/wp-json\/wp\/v2\/posts"}],"about":[{"href":"https:\/\/dvo2026.dvo.it\/fr\/wp-json\/wp\/v2\/types\/post"}],"author":[{"embeddable":true,"href":"https:\/\/dvo2026.dvo.it\/fr\/wp-json\/wp\/v2\/users\/1"}],"replies":[{"embeddable":true,"href":"https:\/\/dvo2026.dvo.it\/fr\/wp-json\/wp\/v2\/comments?post=3192"}],"version-history":[{"count":1,"href":"https:\/\/dvo2026.dvo.it\/fr\/wp-json\/wp\/v2\/posts\/3192\/revisions"}],"predecessor-version":[{"id":3202,"href":"https:\/\/dvo2026.dvo.it\/fr\/wp-json\/wp\/v2\/posts\/3192\/revisions\/3202"}],"wp:featuredmedia":[{"embeddable":true,"href":"https:\/\/dvo2026.dvo.it\/fr\/wp-json\/wp\/v2\/media\/3194"}],"wp:attachment":[{"href":"https:\/\/dvo2026.dvo.it\/fr\/wp-json\/wp\/v2\/media?parent=3192"}],"wp:term":[{"taxonomy":"category","embeddable":true,"href":"https:\/\/dvo2026.dvo.it\/fr\/wp-json\/wp\/v2\/categories?post=3192"},{"taxonomy":"post_tag","embeddable":true,"href":"https:\/\/dvo2026.dvo.it\/fr\/wp-json\/wp\/v2\/tags?post=3192"}],"curies":[{"name":"wp","href":"https:\/\/api.w.org\/{rel}","templated":true}]}}