{"id":3205,"date":"2025-11-20T14:24:55","date_gmt":"2025-11-20T13:24:55","guid":{"rendered":"https:\/\/dvo.wearesim.dev\/pmi-day-2025-gli-studenti-di-roveredo-in-piano-in-visita-alla-sede-dvo\/"},"modified":"2026-04-02T15:03:18","modified_gmt":"2026-04-02T13:03:18","slug":"pmi-day-2025-gli-studenti-di-roveredo-in-piano-in-visita-alla-sede-dvo","status":"publish","type":"post","link":"https:\/\/dvo2026.dvo.it\/fr\/pmi-day-2025-gli-studenti-di-roveredo-in-piano-in-visita-alla-sede-dvo\/","title":{"rendered":"PMI DAY 2025 : Les \u00e9l\u00e8ves de Roveredo in Piano en visite au si\u00e8ge DVO"},"content":{"rendered":"<p><span data-sheets-root=\"1\">Le 12 novembre, le si\u00e8ge de DVO a accueilli deux classes de troisi\u00e8me de Roveredo in Piano dans le cadre du PMI Day, l\u2019initiative nationale promue par Confindustria Veneto Est et lanc\u00e9e par la Piccola Industria Confindustria en 2010.<\/p>\n<p>Une journ\u00e9e sp\u00e9ciale au cours de laquelle les petites et moyennes entreprises ouvrent leurs portes aux \u00e9l\u00e8ves, aux enseignants et aux communaut\u00e9s locales pour montrer de pr\u00e8s comment na\u00eet un produit, quelles comp\u00e9tences rendent possible chaque processus et quelles valeurs guident la croissance des entreprises du territoire. Depuis son lancement, le PMI Day a impliqu\u00e9 plus de 472 000 participants, devenant un lien solide et durable entre le monde scolaire et le syst\u00e8me productif.<\/p>\n<p>Le th\u00e8me de cette \u00e9dition \u2013 CHOISIR \u2013 invite les jeunes \u00e0 r\u00e9fl\u00e9chir \u00e0 ce qu\u2019ils souhaitent devenir et au chemin qu\u2019ils veulent emprunter pour construire leur avenir personnel et professionnel. Lors de la visite, les \u00e9l\u00e8ves ont explor\u00e9 notre entrep\u00f4t, d\u00e9couvrant l\u2019organisation de notre logistique, son efficacit\u00e9 et la valeur ajout\u00e9e de notre service de livraison rapide, l\u2019un des points forts de l\u2019organisation DVO.<\/p>\n<p>Ils ont ensuite \u00e9t\u00e9 accompagn\u00e9s dans notre showroom, o\u00f9 ils ont rencontr\u00e9 plusieurs collaborateurs de l\u2019\u00e9quipe DVO : chacun a partag\u00e9 son parcours de formation, les exp\u00e9riences qui l\u2019ont conduit dans l\u2019entreprise et ses activit\u00e9s quotidiennes.<\/p>\n<p>\u00c0 la fin de la visite, nous avons demand\u00e9 aux \u00e9l\u00e8ves de partager une r\u00e9flexion sur leur avenir et sur les choix qu\u2019ils ressentent comme les plus proches. Leurs mots \u2013 spontan\u00e9s, sinc\u00e8res et pleins d\u2019enthousiasme \u2013 ont constitu\u00e9 un pr\u00e9cieux moment d\u2019\u00e9coute.<\/p>\n<p>Ce fut une matin\u00e9e de rencontre, de dialogue et d\u2019ouverture vers le territoire, une occasion de rapprocher les jeunes du monde de l\u2019entreprise et de partager notre passion pour le design, la qualit\u00e9 et l\u2019innovation.<\/span><\/p>\n","protected":false},"excerpt":{"rendered":"<p>Le 12 novembre, le si\u00e8ge de DVO a accueilli deux classes de troisi\u00e8me de Roveredo in Piano dans le cadre du PMI Day, l\u2019initiative nationale promue par Confindustria Veneto Est et lanc\u00e9e par la Piccola Industria Confindustria en 2010. Une journ\u00e9e sp\u00e9ciale au cours de laquelle les petites et moyennes entreprises ouvrent leurs portes aux [&hellip;]<\/p>\n","protected":false},"author":1,"featured_media":3207,"comment_status":"open","ping_status":"open","sticky":false,"template":"","format":"standard","meta":{"_acf_changed":false,"footnotes":""},"categories":[191,188],"tags":[],"class_list":["post-3205","post","type-post","status-publish","format-standard","has-post-thumbnail","hentry","category-evenements","category-entreprise"],"acf":[],"_links":{"self":[{"href":"https:\/\/dvo2026.dvo.it\/fr\/wp-json\/wp\/v2\/posts\/3205","targetHints":{"allow":["GET"]}}],"collection":[{"href":"https:\/\/dvo2026.dvo.it\/fr\/wp-json\/wp\/v2\/posts"}],"about":[{"href":"https:\/\/dvo2026.dvo.it\/fr\/wp-json\/wp\/v2\/types\/post"}],"author":[{"embeddable":true,"href":"https:\/\/dvo2026.dvo.it\/fr\/wp-json\/wp\/v2\/users\/1"}],"replies":[{"embeddable":true,"href":"https:\/\/dvo2026.dvo.it\/fr\/wp-json\/wp\/v2\/comments?post=3205"}],"version-history":[{"count":1,"href":"https:\/\/dvo2026.dvo.it\/fr\/wp-json\/wp\/v2\/posts\/3205\/revisions"}],"predecessor-version":[{"id":3226,"href":"https:\/\/dvo2026.dvo.it\/fr\/wp-json\/wp\/v2\/posts\/3205\/revisions\/3226"}],"wp:featuredmedia":[{"embeddable":true,"href":"https:\/\/dvo2026.dvo.it\/fr\/wp-json\/wp\/v2\/media\/3207"}],"wp:attachment":[{"href":"https:\/\/dvo2026.dvo.it\/fr\/wp-json\/wp\/v2\/media?parent=3205"}],"wp:term":[{"taxonomy":"category","embeddable":true,"href":"https:\/\/dvo2026.dvo.it\/fr\/wp-json\/wp\/v2\/categories?post=3205"},{"taxonomy":"post_tag","embeddable":true,"href":"https:\/\/dvo2026.dvo.it\/fr\/wp-json\/wp\/v2\/tags?post=3205"}],"curies":[{"name":"wp","href":"https:\/\/api.w.org\/{rel}","templated":true}]}}