{"id":3297,"date":"2025-03-27T14:43:57","date_gmt":"2025-03-27T13:43:57","guid":{"rendered":"https:\/\/dvo.wearesim.dev\/workspace-expo-parigi-2025-il-nostro-racconto\/"},"modified":"2026-04-02T15:10:56","modified_gmt":"2026-04-02T13:10:56","slug":"workspace-expo-parigi-2025-il-nostro-racconto","status":"publish","type":"post","link":"https:\/\/dvo2026.dvo.it\/fr\/workspace-expo-parigi-2025-il-nostro-racconto\/","title":{"rendered":"Workspace Expo Paris 2025 : Notre r\u00e9cit"},"content":{"rendered":"<p><span data-sheets-root=\"1\">Workspace Expo 2025 \u00e0 Paris s\u2019est achev\u00e9 aujourd\u2019hui, un \u00e9v\u00e9nement qui, en seulement dix ans, est devenu une r\u00e9f\u00e9rence internationale pour le design, le mobilier de bureau et la conception des espaces de travail.<\/span><\/p>\n<p>Au cours de ces trois journ\u00e9es intenses, notre stand a accueilli des milliers de visiteurs, leur offrant l\u2019opportunit\u00e9 de d\u00e9couvrir nos produits de pr\u00e8s.<\/p>\n<p>Ce fut une occasion unique d\u2019\u00e9change et de dialogue, confirmant la direction que nous avons entreprise et nous inspirant \u00e0 toujours nous am\u00e9liorer et \u00e0 explorer de nouvelles fronti\u00e8res dans le design des espaces de travail.<\/p>\n<p>Lors de l\u2019\u00e9v\u00e9nement, nous avons pr\u00e9sent\u00e9 notre collection Knot, avec des tables et des biblioth\u00e8ques caract\u00e9ris\u00e9es par leur articulation iconique, ainsi que Sling, une famille transversale de tables rondes disponibles en diff\u00e9rentes hauteurs.<\/p>\n<p>De plus, le stand\u2014partag\u00e9 avec Sitland\u2014a \u00e9galement accueilli certains de leurs produits les plus embl\u00e9matiques, cr\u00e9ant ainsi une exp\u00e9rience compl\u00e8te et stimulante pour tous les visiteurs.<\/p>\n","protected":false},"excerpt":{"rendered":"<p>Workspace Expo 2025 \u00e0 Paris s\u2019est achev\u00e9 aujourd\u2019hui, un \u00e9v\u00e9nement qui, en seulement dix ans, est devenu une r\u00e9f\u00e9rence internationale pour le design, le mobilier de bureau et la conception des espaces de travail. Au cours de ces trois journ\u00e9es intenses, notre stand a accueilli des milliers de visiteurs, leur offrant l\u2019opportunit\u00e9 de d\u00e9couvrir nos [&hellip;]<\/p>\n","protected":false},"author":1,"featured_media":3299,"comment_status":"open","ping_status":"open","sticky":false,"template":"","format":"standard","meta":{"_acf_changed":false,"footnotes":""},"categories":[197,188,191],"tags":[],"class_list":["post-3297","post","type-post","status-publish","format-standard","has-post-thumbnail","hentry","category-produits","category-entreprise","category-evenements"],"acf":[],"_links":{"self":[{"href":"https:\/\/dvo2026.dvo.it\/fr\/wp-json\/wp\/v2\/posts\/3297","targetHints":{"allow":["GET"]}}],"collection":[{"href":"https:\/\/dvo2026.dvo.it\/fr\/wp-json\/wp\/v2\/posts"}],"about":[{"href":"https:\/\/dvo2026.dvo.it\/fr\/wp-json\/wp\/v2\/types\/post"}],"author":[{"embeddable":true,"href":"https:\/\/dvo2026.dvo.it\/fr\/wp-json\/wp\/v2\/users\/1"}],"replies":[{"embeddable":true,"href":"https:\/\/dvo2026.dvo.it\/fr\/wp-json\/wp\/v2\/comments?post=3297"}],"version-history":[{"count":2,"href":"https:\/\/dvo2026.dvo.it\/fr\/wp-json\/wp\/v2\/posts\/3297\/revisions"}],"predecessor-version":[{"id":3307,"href":"https:\/\/dvo2026.dvo.it\/fr\/wp-json\/wp\/v2\/posts\/3297\/revisions\/3307"}],"wp:featuredmedia":[{"embeddable":true,"href":"https:\/\/dvo2026.dvo.it\/fr\/wp-json\/wp\/v2\/media\/3299"}],"wp:attachment":[{"href":"https:\/\/dvo2026.dvo.it\/fr\/wp-json\/wp\/v2\/media?parent=3297"}],"wp:term":[{"taxonomy":"category","embeddable":true,"href":"https:\/\/dvo2026.dvo.it\/fr\/wp-json\/wp\/v2\/categories?post=3297"},{"taxonomy":"post_tag","embeddable":true,"href":"https:\/\/dvo2026.dvo.it\/fr\/wp-json\/wp\/v2\/tags?post=3297"}],"curies":[{"name":"wp","href":"https:\/\/api.w.org\/{rel}","templated":true}]}}