{"id":3337,"date":"2024-11-20T15:08:56","date_gmt":"2024-11-20T14:08:56","guid":{"rendered":"https:\/\/dvo.wearesim.dev\/human-centric-workspace\/"},"modified":"2026-04-02T15:16:16","modified_gmt":"2026-04-02T13:16:16","slug":"human-centric-workspace","status":"publish","type":"post","link":"https:\/\/dvo2026.dvo.it\/fr\/human-centric-workspace\/","title":{"rendered":"Human-centric workspace"},"content":{"rendered":"<p><span data-sheets-root=\"1\">Le 20 novembre, l\u2019\u00e9v\u00e9nement Human-Centric Workspace s\u2019est tenu au DVO Flagship Store de Via Maroncelli \u00e0 Milan, en collaboration avec Officelayout.<\/p>\n<p>Au cours de l\u2019\u00e9v\u00e9nement, nous avons eu l\u2019opportunit\u00e9 d\u2019explorer ensemble les nouvelles fronti\u00e8res du design des espaces de travail, en mettant l\u2019accent sur des solutions innovantes et personnalis\u00e9es qui placent l\u2019humain au centre. Nous sommes convaincus qu\u2019un environnement de travail bien con\u00e7u peut am\u00e9liorer significativement le bien-\u00eatre des personnes qui l\u2019utilisent au quotidien.<\/p>\n<p>C\u2019est sur ce principe que DVO fonde la conception de ses produits et solutions, en mettant les personnes au c\u0153ur de son approche et en accordant une attention particuli\u00e8re \u00e0 leurs besoins et \u00e0 leur confort. Gr\u00e2ce \u00e0 une recherche approfondie et \u00e0 un design de pointe, DVO s\u2019engage \u00e0 cr\u00e9er des environnements de travail qui augmentent non seulement la productivit\u00e9, mais am\u00e9liorent \u00e9galement la qualit\u00e9 de vie des collaborateurs, en favorisant leur bien-\u00eatre physique et mental.<\/p>\n<p>La mission de DVO est de d\u00e9velopper des espaces qui inspirent et favorisent un \u00e9quilibre harmonieux entre efficacit\u00e9 et satisfaction personnelle.<\/span><\/p>\n","protected":false},"excerpt":{"rendered":"<p>Le 20 novembre, l\u2019\u00e9v\u00e9nement Human-Centric Workspace s\u2019est tenu au DVO Flagship Store de Via Maroncelli \u00e0 Milan, en collaboration avec Officelayout. Au cours de l\u2019\u00e9v\u00e9nement, nous avons eu l\u2019opportunit\u00e9 d\u2019explorer ensemble les nouvelles fronti\u00e8res du design des espaces de travail, en mettant l\u2019accent sur des solutions innovantes et personnalis\u00e9es qui placent l\u2019humain au centre. Nous [&hellip;]<\/p>\n","protected":false},"author":1,"featured_media":3339,"comment_status":"open","ping_status":"open","sticky":false,"template":"","format":"standard","meta":{"_acf_changed":false,"footnotes":""},"categories":[191,188],"tags":[],"class_list":["post-3337","post","type-post","status-publish","format-standard","has-post-thumbnail","hentry","category-evenements","category-entreprise"],"acf":[],"_links":{"self":[{"href":"https:\/\/dvo2026.dvo.it\/fr\/wp-json\/wp\/v2\/posts\/3337","targetHints":{"allow":["GET"]}}],"collection":[{"href":"https:\/\/dvo2026.dvo.it\/fr\/wp-json\/wp\/v2\/posts"}],"about":[{"href":"https:\/\/dvo2026.dvo.it\/fr\/wp-json\/wp\/v2\/types\/post"}],"author":[{"embeddable":true,"href":"https:\/\/dvo2026.dvo.it\/fr\/wp-json\/wp\/v2\/users\/1"}],"replies":[{"embeddable":true,"href":"https:\/\/dvo2026.dvo.it\/fr\/wp-json\/wp\/v2\/comments?post=3337"}],"version-history":[{"count":1,"href":"https:\/\/dvo2026.dvo.it\/fr\/wp-json\/wp\/v2\/posts\/3337\/revisions"}],"predecessor-version":[{"id":3366,"href":"https:\/\/dvo2026.dvo.it\/fr\/wp-json\/wp\/v2\/posts\/3337\/revisions\/3366"}],"wp:featuredmedia":[{"embeddable":true,"href":"https:\/\/dvo2026.dvo.it\/fr\/wp-json\/wp\/v2\/media\/3339"}],"wp:attachment":[{"href":"https:\/\/dvo2026.dvo.it\/fr\/wp-json\/wp\/v2\/media?parent=3337"}],"wp:term":[{"taxonomy":"category","embeddable":true,"href":"https:\/\/dvo2026.dvo.it\/fr\/wp-json\/wp\/v2\/categories?post=3337"},{"taxonomy":"post_tag","embeddable":true,"href":"https:\/\/dvo2026.dvo.it\/fr\/wp-json\/wp\/v2\/tags?post=3337"}],"curies":[{"name":"wp","href":"https:\/\/api.w.org\/{rel}","templated":true}]}}