{"id":3507,"date":"2024-04-17T15:31:41","date_gmt":"2024-04-17T13:31:41","guid":{"rendered":"https:\/\/dvo.wearesim.dev\/feel-the-room-milano-2024\/"},"modified":"2026-04-02T15:22:59","modified_gmt":"2026-04-02T13:22:59","slug":"feel-the-room-milano-2024","status":"publish","type":"post","link":"https:\/\/dvo2026.dvo.it\/fr\/feel-the-room-milano-2024\/","title":{"rendered":"Feel the room \u2013 Milan 2024"},"content":{"rendered":"<p><span data-sheets-root=\"1\">967arch interpr\u00e8te l\u2019espace et le projet pour le nouveau bureau hybride de DVO.<\/p>\n<p>Intercepter la nouvelle identit\u00e9 hybride des espaces de travail, mais aussi de vie, a toujours \u00e9t\u00e9 une priorit\u00e9 pour DVO, qui a repens\u00e9 l\u2019organisation et l\u2019\u00e9volution des environnements de travail, en les d\u00e9finissant comme des lieux de relation et de collaboration.<\/p>\n<p>La convergence de vision entre les deux structures a imm\u00e9diatement conduit \u00e0 l\u2019implication du studio milanais dans la r\u00e9interpr\u00e9tation de l\u2019espace d\u2019exposition de DVO au c\u0153ur de Milan. Ce projet constitue la traduction physique d\u2019une approche esth\u00e9tique et conceptuelle partag\u00e9e, qui propose une vision plus ouverte du monde de l\u2019office, en int\u00e9grant des domaines tels que la sc\u00e9nographie, l\u2019art et la communication, en plus du design.<\/p>\n<p>Des connexions et des relations avec d\u2019autres univers, plus que de simples contaminations. Un partage d\u2019exp\u00e9riences compl\u00e9mentaires visant \u00e0 \u00e9largir la perception de l\u2019espace de travail comme lieu physique d\u2019interaction, de relations et de culture du faire.<\/p>\n<p>967arch, depuis toujours attentive au projet comme lieu de suggestion autant que dimension physique et esth\u00e9tique, apporte dans ce contexte ses vingt ann\u00e9es d\u2019exp\u00e9rience dans le design et l\u2019architecture, dans les secteurs de l\u2019office, de l\u2019hospitality et du retail.<\/p>\n<p>Remerciements particuliers \u00e0 : @emanuele.giannelli<\/span><\/p>\n","protected":false},"excerpt":{"rendered":"<p>967arch interpr\u00e8te l\u2019espace et le projet pour le nouveau bureau hybride de DVO. Intercepter la nouvelle identit\u00e9 hybride des espaces de travail, mais aussi de vie, a toujours \u00e9t\u00e9 une priorit\u00e9 pour DVO, qui a repens\u00e9 l\u2019organisation et l\u2019\u00e9volution des environnements de travail, en les d\u00e9finissant comme des lieux de relation et de collaboration. La [&hellip;]<\/p>\n","protected":false},"author":1,"featured_media":3509,"comment_status":"open","ping_status":"open","sticky":false,"template":"","format":"standard","meta":{"_acf_changed":false,"footnotes":""},"categories":[191,188],"tags":[],"class_list":["post-3507","post","type-post","status-publish","format-standard","has-post-thumbnail","hentry","category-evenements","category-entreprise"],"acf":[],"_links":{"self":[{"href":"https:\/\/dvo2026.dvo.it\/fr\/wp-json\/wp\/v2\/posts\/3507","targetHints":{"allow":["GET"]}}],"collection":[{"href":"https:\/\/dvo2026.dvo.it\/fr\/wp-json\/wp\/v2\/posts"}],"about":[{"href":"https:\/\/dvo2026.dvo.it\/fr\/wp-json\/wp\/v2\/types\/post"}],"author":[{"embeddable":true,"href":"https:\/\/dvo2026.dvo.it\/fr\/wp-json\/wp\/v2\/users\/1"}],"replies":[{"embeddable":true,"href":"https:\/\/dvo2026.dvo.it\/fr\/wp-json\/wp\/v2\/comments?post=3507"}],"version-history":[{"count":1,"href":"https:\/\/dvo2026.dvo.it\/fr\/wp-json\/wp\/v2\/posts\/3507\/revisions"}],"predecessor-version":[{"id":3532,"href":"https:\/\/dvo2026.dvo.it\/fr\/wp-json\/wp\/v2\/posts\/3507\/revisions\/3532"}],"wp:featuredmedia":[{"embeddable":true,"href":"https:\/\/dvo2026.dvo.it\/fr\/wp-json\/wp\/v2\/media\/3509"}],"wp:attachment":[{"href":"https:\/\/dvo2026.dvo.it\/fr\/wp-json\/wp\/v2\/media?parent=3507"}],"wp:term":[{"taxonomy":"category","embeddable":true,"href":"https:\/\/dvo2026.dvo.it\/fr\/wp-json\/wp\/v2\/categories?post=3507"},{"taxonomy":"post_tag","embeddable":true,"href":"https:\/\/dvo2026.dvo.it\/fr\/wp-json\/wp\/v2\/tags?post=3507"}],"curies":[{"name":"wp","href":"https:\/\/api.w.org\/{rel}","templated":true}]}}