{"id":3651,"date":"2023-05-02T17:35:22","date_gmt":"2023-05-02T15:35:22","guid":{"rendered":"https:\/\/dvo.wearesim.dev\/il-nostro-impegno-per-il-cam-arredi\/"},"modified":"2026-04-02T15:32:42","modified_gmt":"2026-04-02T13:32:42","slug":"il-nostro-impegno-per-il-cam-arredi","status":"publish","type":"post","link":"https:\/\/dvo2026.dvo.it\/fr\/il-nostro-impegno-per-il-cam-arredi\/","title":{"rendered":"Notre engagement en faveur des crit\u00e8res CAM pour le mobilier"},"content":{"rendered":"<p><span data-sheets-root=\"1\">DVO est heureux d\u2019annoncer qu\u2019il fait partie des premi\u00e8res entreprises italiennes du secteur bois-ameublement \u00e0 s\u2019\u00eatre conform\u00e9es \u00e0 la mise \u00e0 jour des exigences du Plan d\u2019Action National pour les Achats Publics \u00c9cologiques, notamment les \u00ab Crit\u00e8res Environnementaux Minimaux \u00bb (CAM) pour la fourniture de nouveaux mobiliers d\u2019int\u00e9rieur, d\u00e9finis par le d\u00e9cret minist\u00e9riel du 23 juin 2022 pour l\u2019achat et la location de mobilier de bureau par les administrations publiques, certifi\u00e9s par un organisme tiers accr\u00e9dit\u00e9 de premier plan.<\/p>\n<p>Le respect de ces crit\u00e8res ne constitue pas seulement une exigence obligatoire pour les administrations publiques, mais repr\u00e9sente \u00e9galement une valeur ajout\u00e9e importante pour les acheteurs priv\u00e9s : la garantie de choisir une entreprise fortement engag\u00e9e en faveur de la durabilit\u00e9 environnementale et sociale, proposant des produits performants, certifi\u00e9s et test\u00e9s, r\u00e9alis\u00e9s gr\u00e2ce \u00e0 une cha\u00eene d\u2019approvisionnement contr\u00f4l\u00e9e dans le respect de l\u2019environnement, de la sant\u00e9 et de la s\u00e9curit\u00e9 des travailleurs.<\/span><\/p>\n","protected":false},"excerpt":{"rendered":"<p>DVO est heureux d\u2019annoncer qu\u2019il fait partie des premi\u00e8res entreprises italiennes du secteur bois-ameublement \u00e0 s\u2019\u00eatre conform\u00e9es \u00e0 la mise \u00e0 jour des exigences du Plan d\u2019Action National pour les Achats Publics \u00c9cologiques, notamment les \u00ab Crit\u00e8res Environnementaux Minimaux \u00bb (CAM) pour la fourniture de nouveaux mobiliers d\u2019int\u00e9rieur, d\u00e9finis par le d\u00e9cret minist\u00e9riel du 23 [&hellip;]<\/p>\n","protected":false},"author":1,"featured_media":3652,"comment_status":"open","ping_status":"open","sticky":false,"template":"","format":"standard","meta":{"_acf_changed":false,"footnotes":""},"categories":[188,202],"tags":[],"class_list":["post-3651","post","type-post","status-publish","format-standard","has-post-thumbnail","hentry","category-entreprise","category-ecoresponsabilite"],"acf":[],"_links":{"self":[{"href":"https:\/\/dvo2026.dvo.it\/fr\/wp-json\/wp\/v2\/posts\/3651","targetHints":{"allow":["GET"]}}],"collection":[{"href":"https:\/\/dvo2026.dvo.it\/fr\/wp-json\/wp\/v2\/posts"}],"about":[{"href":"https:\/\/dvo2026.dvo.it\/fr\/wp-json\/wp\/v2\/types\/post"}],"author":[{"embeddable":true,"href":"https:\/\/dvo2026.dvo.it\/fr\/wp-json\/wp\/v2\/users\/1"}],"replies":[{"embeddable":true,"href":"https:\/\/dvo2026.dvo.it\/fr\/wp-json\/wp\/v2\/comments?post=3651"}],"version-history":[{"count":1,"href":"https:\/\/dvo2026.dvo.it\/fr\/wp-json\/wp\/v2\/posts\/3651\/revisions"}],"predecessor-version":[{"id":3653,"href":"https:\/\/dvo2026.dvo.it\/fr\/wp-json\/wp\/v2\/posts\/3651\/revisions\/3653"}],"wp:featuredmedia":[{"embeddable":true,"href":"https:\/\/dvo2026.dvo.it\/fr\/wp-json\/wp\/v2\/media\/3652"}],"wp:attachment":[{"href":"https:\/\/dvo2026.dvo.it\/fr\/wp-json\/wp\/v2\/media?parent=3651"}],"wp:term":[{"taxonomy":"category","embeddable":true,"href":"https:\/\/dvo2026.dvo.it\/fr\/wp-json\/wp\/v2\/categories?post=3651"},{"taxonomy":"post_tag","embeddable":true,"href":"https:\/\/dvo2026.dvo.it\/fr\/wp-json\/wp\/v2\/tags?post=3651"}],"curies":[{"name":"wp","href":"https:\/\/api.w.org\/{rel}","templated":true}]}}